{"id":714,"date":"2023-01-17T11:02:56","date_gmt":"2023-01-17T10:02:56","guid":{"rendered":"https:\/\/konstantin.filtschew.de\/blog\/?p=714"},"modified":"2023-01-17T11:02:56","modified_gmt":"2023-01-17T10:02:56","slug":"das-passende-bild-fuer-business-und-soziale-netzwerke","status":"publish","type":"post","link":"https:\/\/konstantin.filtschew.de\/blog\/2023\/01\/17\/das-passende-bild-fuer-business-und-soziale-netzwerke\/","title":{"rendered":"Das passende Bild f\u00fcr Business und soziale Netzwerke"},"content":{"rendered":"\n<p>Ihr kennt bestimmt das Problem &#8211; das Bild im Sozial Media Netzwerk ist schwer veraltet oder gef\u00e4llt euch bzw. euren Nutzern nicht mehr. Mich haben sogar Leute auf meine Bilder angesprochen und gebeten, Sie zu bitte zu ersetzen. Jetzt kommen aber Fragen, welche bestimmt jeder kennt:<\/p>\n\n\n\n<ul class=\"wp-block-list\">\n<li>Woher bekomme ich ein passendes Bild?<\/li>\n\n\n\n<li>Wie soll ein Bild f\u00fcr das jeweilige Netzwerk aussehen?<\/li>\n\n\n\n<li>Soll ich ein Bild f\u00fcr ein Ausweis, Bewerbung, Urlaub, &#8230; daf\u00fcr verwenden?<\/li>\n<\/ul>\n\n\n\n<p>Einige dieser Fragen sind schnell beantwortet (kein Bild von der Hochzeit oder Party Urlaub f\u00fcr LinkedIn). Andere Fragen ben\u00f6tigen eine<\/p>\n\n\n\n<h2 class=\"wp-block-heading\">Verschiedene Netzwerke &#8211; verschieden Bilder<\/h2>\n\n\n\n<p>Der Punkt ist oft, dass jedes dieser Netzwerke je nach Art der Verwendung auch verschiedene Bilder ben\u00f6tigt z.B.:<\/p>\n\n\n\n<ul class=\"wp-block-list\">\n<li>WhatsApp: Bild f\u00fcr Freunde und Bekannte &#8211; leicht zu erkennen<\/li>\n\n\n\n<li>Facebook: Muss was her machen<\/li>\n\n\n\n<li>Instagram: Bin hier Influencer und ben\u00f6tige ein themenspezifisches Bild<\/li>\n\n\n\n<li>Twitter: Meine Meinung, nicht unbedingt ein Bild, auf dem ich leicht zu erkennen bin?<\/li>\n\n\n\n<li>LinkedIn: Causal oder doch im Anzug mit Firmenlogo in Hintergrund?<\/li>\n\n\n\n<li>Xing: Eher mit Anzug und Kravate?<\/li>\n\n\n\n<li>&#8230;<\/li>\n<\/ul>\n\n\n\n<p>Jeder hat da eigene Vorlieben, aber allein schon der Denkansto\u00df, wie viele verschiedene Bilder ben\u00f6tigt werden, stellt einen vor ordentliche Herausforderungen. Zudem ist es je nach Netzwerk auch mehr als sinnvoll die Bilder immer wieder auszutauschen, um Aufmerksamkeit zu wecken oder der Jahreszeit, Thema oder zum Gem\u00fct passende Bilder zu bekommen.<\/p>\n\n\n\n<h2 class=\"wp-block-heading\">Vorbereitung f\u00fcr die Bilder<\/h2>\n\n\n\n<p>Bevor es zum Fotografen oder generell vor die Kamera geht, stehen so ein paar Themen an:<\/p>\n\n\n\n<ul class=\"wp-block-list\">\n<li>Haare schneiden<\/li>\n\n\n\n<li>Rasieren bzw. Bart stutzen?<\/li>\n\n\n\n<li>Schminken<\/li>\n\n\n\n<li>Erst ins Sonnenstudio und die Bleiche im Gesicht reduzieren?<\/li>\n\n\n\n<li>Welche Klamotten f\u00fcr welches Bild?<\/li>\n\n\n\n<li>&#8230;<\/li>\n<\/ul>\n\n\n\n<p>Will man zum Fotografen, dann stehen weitere Themen an:<\/p>\n\n\n\n<ul class=\"wp-block-list\">\n<li>Welcher Fotograf?<\/li>\n\n\n\n<li>Termin machen<\/li>\n\n\n\n<li>Sich daf\u00fcr Zeit nehmen und gut vorbereiten<\/li>\n\n\n\n<li>Ideen und W\u00fcnsche aufstellen<\/li>\n\n\n\n<li>Die richtige Einstellung mitbringen<\/li>\n<\/ul>\n\n\n\n<p>Wie du sehen kannst, ist das mehr als eine Menge Arbeit und vor allem erfordert es, dass man nicht nur von seinem bequemen Stuhl aufsteht und sogar das Haus verl\u00e4sst? Und da kommen so Gedanken auf, wie z.B. kann ich die Bilder nicht einfach im Internet bestellen?<\/p>\n\n\n\n<p>Genau das ist seit ein paar Monaten m\u00f6glich. Stellt dir vor, du gibst einem Dienst 5 bis 10 aktuelle Bilder von dir, welche absolut nicht top sein m\u00fcssen und auch aus Urlaub, Hochzeit, Selfies, etc. bestehen k\u00f6nnen. Der Dienst liefert dir \u00fcber 100 verschiedene thematische Bilder f\u00fcr dich und deine Netzwerke, die du je nach Lust und Laune verwenden kannst.<\/p>\n\n\n\n<h2 class=\"wp-block-heading\">Bild Generierung mit der K\u00fcnstlichen Intelligenz (KI)<\/h2>\n\n\n\n<p>Bilder generieren mit Hilfe der K\u00fcnstlichen Intelligenz (KI) ist schon l\u00e4nger m\u00f6glich &#8211; dabei m\u00fcssen die Systeme nicht mal den Standards der K\u00fcnstlichen Intelligenz vollst\u00e4ndig entsprechen. Allerdings erlauben aktuelle Systeme der k\u00fcnstlichen Intelligenz Bilder von Personen, (Haus-)Tieren oder Gegenst\u00e4nden anzulernen und daraus personalisierte Bilder zu erstellen.<\/p>\n\n\n\n<p>Genau solche Dienste kannst du jetzt verwenden, um f\u00fcr wirklich kleines Geld Bilder in verschiedenen Stilen und f\u00fcr diverse Einsatzzwecke zu generieren:<\/p>\n\n\n\n<ul class=\"wp-block-list\">\n<li>F\u00fcr soziale Netzwerke<\/li>\n\n\n\n<li>F\u00fcr Business Netzwerke<\/li>\n\n\n\n<li>Gleich aussehende Bilder f\u00fcr Firmenausweise<\/li>\n\n\n\n<li>Gleich aussehende Bilder f\u00fcr die Unternehmenswebseite<\/li>\n<\/ul>\n\n\n\n<p>Den Vorstellungen und M\u00f6glichkeiten sind hier seit kurzem wenige Grenzen gesetzt. Der jeweilige Dienst muss es nur entsprechend unterst\u00fctzen und diese M\u00f6glichkeiten bieten.<\/p>\n\n\n\n<p>Mal sehen, was daraus spannendes entstehen wird &#8230;<\/p>\n","protected":false},"excerpt":{"rendered":"<p>Ihr kennt bestimmt das Problem &#8211; das Bild im Sozial Media Netzwerk ist schwer veraltet oder gef\u00e4llt euch bzw. euren Nutzern nicht mehr. Mich haben sogar Leute auf meine Bilder angesprochen und gebeten, Sie zu bitte zu ersetzen. Jetzt kommen aber Fragen, welche bestimmt jeder kennt: Einige dieser Fragen sind schnell beantwortet (kein Bild von [&hellip;]<\/p>\n","protected":false},"author":1,"featured_media":0,"comment_status":"open","ping_status":"open","sticky":false,"template":"","format":"standard","meta":{"footnotes":""},"categories":[1],"tags":[59,62,63,60,61],"class_list":["post-714","post","type-post","status-publish","format-standard","hentry","category-uncategorized","tag-ai","tag-artifical-intelligence","tag-bilder","tag-ki","tag-kuenstliche-intelligenz"],"yoast_head":"<!-- This site is optimized with the Yoast SEO plugin v27.4 - https:\/\/yoast.com\/product\/yoast-seo-wordpress\/ -->\n<title>Das passende Bild f\u00fcr Business und soziale Netzwerke - Konstantin Filtschew<\/title>\n<meta name=\"robots\" content=\"index, follow, max-snippet:-1, max-image-preview:large, max-video-preview:-1\" \/>\n<link rel=\"canonical\" href=\"https:\/\/konstantin.filtschew.de\/blog\/2023\/01\/17\/das-passende-bild-fuer-business-und-soziale-netzwerke\/\" \/>\n<meta property=\"og:locale\" content=\"de_DE\" \/>\n<meta property=\"og:type\" content=\"article\" \/>\n<meta property=\"og:title\" content=\"Das passende Bild f\u00fcr Business und soziale Netzwerke - Konstantin Filtschew\" \/>\n<meta property=\"og:description\" content=\"Ihr kennt bestimmt das Problem &#8211; das Bild im Sozial Media Netzwerk ist schwer veraltet oder gef\u00e4llt euch bzw. euren Nutzern nicht mehr. Mich haben sogar Leute auf meine Bilder angesprochen und gebeten, Sie zu bitte zu ersetzen. Jetzt kommen aber Fragen, welche bestimmt jeder kennt: Einige dieser Fragen sind schnell beantwortet (kein Bild von [&hellip;]\" \/>\n<meta property=\"og:url\" content=\"https:\/\/konstantin.filtschew.de\/blog\/2023\/01\/17\/das-passende-bild-fuer-business-und-soziale-netzwerke\/\" \/>\n<meta property=\"og:site_name\" content=\"Konstantin Filtschew\" \/>\n<meta property=\"article:published_time\" content=\"2023-01-17T10:02:56+00:00\" \/>\n<meta name=\"author\" content=\"Konstantin Filtschew\" \/>\n<meta name=\"twitter:card\" content=\"summary_large_image\" \/>\n<meta name=\"twitter:creator\" content=\"@fa11enangel\" \/>\n<meta name=\"twitter:site\" content=\"@fa11enangel\" \/>\n<meta name=\"twitter:label1\" content=\"Verfasst von\" \/>\n\t<meta name=\"twitter:data1\" content=\"Konstantin Filtschew\" \/>\n\t<meta name=\"twitter:label2\" content=\"Gesch\u00e4tzte Lesezeit\" \/>\n\t<meta name=\"twitter:data2\" content=\"3\u00a0Minuten\" \/>\n<script type=\"application\/ld+json\" class=\"yoast-schema-graph\">{\"@context\":\"https:\\\/\\\/schema.org\",\"@graph\":[{\"@type\":\"Article\",\"@id\":\"https:\\\/\\\/konstantin.filtschew.de\\\/blog\\\/2023\\\/01\\\/17\\\/das-passende-bild-fuer-business-und-soziale-netzwerke\\\/#article\",\"isPartOf\":{\"@id\":\"https:\\\/\\\/konstantin.filtschew.de\\\/blog\\\/2023\\\/01\\\/17\\\/das-passende-bild-fuer-business-und-soziale-netzwerke\\\/\"},\"author\":{\"name\":\"Konstantin Filtschew\",\"@id\":\"https:\\\/\\\/konstantin.filtschew.de\\\/blog\\\/#\\\/schema\\\/person\\\/de09aadf27dd3b71cb0030f6f2214b1e\"},\"headline\":\"Das passende Bild f\u00fcr Business und soziale Netzwerke\",\"datePublished\":\"2023-01-17T10:02:56+00:00\",\"mainEntityOfPage\":{\"@id\":\"https:\\\/\\\/konstantin.filtschew.de\\\/blog\\\/2023\\\/01\\\/17\\\/das-passende-bild-fuer-business-und-soziale-netzwerke\\\/\"},\"wordCount\":565,\"commentCount\":0,\"publisher\":{\"@id\":\"https:\\\/\\\/konstantin.filtschew.de\\\/blog\\\/#\\\/schema\\\/person\\\/de09aadf27dd3b71cb0030f6f2214b1e\"},\"keywords\":[\"ai\",\"artifical intelligence\",\"bilder\",\"ki\",\"k\u00fcnstliche intelligenz\"],\"articleSection\":[\"Allgemeines\"],\"inLanguage\":\"de\",\"potentialAction\":[{\"@type\":\"CommentAction\",\"name\":\"Comment\",\"target\":[\"https:\\\/\\\/konstantin.filtschew.de\\\/blog\\\/2023\\\/01\\\/17\\\/das-passende-bild-fuer-business-und-soziale-netzwerke\\\/#respond\"]}]},{\"@type\":\"WebPage\",\"@id\":\"https:\\\/\\\/konstantin.filtschew.de\\\/blog\\\/2023\\\/01\\\/17\\\/das-passende-bild-fuer-business-und-soziale-netzwerke\\\/\",\"url\":\"https:\\\/\\\/konstantin.filtschew.de\\\/blog\\\/2023\\\/01\\\/17\\\/das-passende-bild-fuer-business-und-soziale-netzwerke\\\/\",\"name\":\"Das passende Bild f\u00fcr Business und soziale Netzwerke - Konstantin Filtschew\",\"isPartOf\":{\"@id\":\"https:\\\/\\\/konstantin.filtschew.de\\\/blog\\\/#website\"},\"datePublished\":\"2023-01-17T10:02:56+00:00\",\"breadcrumb\":{\"@id\":\"https:\\\/\\\/konstantin.filtschew.de\\\/blog\\\/2023\\\/01\\\/17\\\/das-passende-bild-fuer-business-und-soziale-netzwerke\\\/#breadcrumb\"},\"inLanguage\":\"de\",\"potentialAction\":[{\"@type\":\"ReadAction\",\"target\":[\"https:\\\/\\\/konstantin.filtschew.de\\\/blog\\\/2023\\\/01\\\/17\\\/das-passende-bild-fuer-business-und-soziale-netzwerke\\\/\"]}]},{\"@type\":\"BreadcrumbList\",\"@id\":\"https:\\\/\\\/konstantin.filtschew.de\\\/blog\\\/2023\\\/01\\\/17\\\/das-passende-bild-fuer-business-und-soziale-netzwerke\\\/#breadcrumb\",\"itemListElement\":[{\"@type\":\"ListItem\",\"position\":1,\"name\":\"Startseite\",\"item\":\"https:\\\/\\\/konstantin.filtschew.de\\\/blog\\\/\"},{\"@type\":\"ListItem\",\"position\":2,\"name\":\"Das passende Bild f\u00fcr Business und soziale Netzwerke\"}]},{\"@type\":\"WebSite\",\"@id\":\"https:\\\/\\\/konstantin.filtschew.de\\\/blog\\\/#website\",\"url\":\"https:\\\/\\\/konstantin.filtschew.de\\\/blog\\\/\",\"name\":\"Konstantin Filtschew\",\"description\":\"Der t\u00e4gliche IT-Wahnsinn\",\"publisher\":{\"@id\":\"https:\\\/\\\/konstantin.filtschew.de\\\/blog\\\/#\\\/schema\\\/person\\\/de09aadf27dd3b71cb0030f6f2214b1e\"},\"potentialAction\":[{\"@type\":\"SearchAction\",\"target\":{\"@type\":\"EntryPoint\",\"urlTemplate\":\"https:\\\/\\\/konstantin.filtschew.de\\\/blog\\\/?s={search_term_string}\"},\"query-input\":{\"@type\":\"PropertyValueSpecification\",\"valueRequired\":true,\"valueName\":\"search_term_string\"}}],\"inLanguage\":\"de\"},{\"@type\":[\"Person\",\"Organization\"],\"@id\":\"https:\\\/\\\/konstantin.filtschew.de\\\/blog\\\/#\\\/schema\\\/person\\\/de09aadf27dd3b71cb0030f6f2214b1e\",\"name\":\"Konstantin Filtschew\",\"image\":{\"@type\":\"ImageObject\",\"inLanguage\":\"de\",\"@id\":\"https:\\\/\\\/konstantin.filtschew.de\\\/blog\\\/wp-content\\\/uploads\\\/2025\\\/10\\\/KFLogo1.png\",\"url\":\"https:\\\/\\\/konstantin.filtschew.de\\\/blog\\\/wp-content\\\/uploads\\\/2025\\\/10\\\/KFLogo1.png\",\"contentUrl\":\"https:\\\/\\\/konstantin.filtschew.de\\\/blog\\\/wp-content\\\/uploads\\\/2025\\\/10\\\/KFLogo1.png\",\"width\":222,\"height\":193,\"caption\":\"Konstantin Filtschew\"},\"logo\":{\"@id\":\"https:\\\/\\\/konstantin.filtschew.de\\\/blog\\\/wp-content\\\/uploads\\\/2025\\\/10\\\/KFLogo1.png\"},\"description\":\"Building an operation system without source code, is like buying a self assemble space shuttle without instructions. (Author unknown)\",\"sameAs\":[\"https:\\\/\\\/konstantin.filtschew.de\",\"https:\\\/\\\/www.linkedin.com\\\/in\\\/konstantin-filtschew-b7138019\\\/\",\"https:\\\/\\\/x.com\\\/fa11enangel\"],\"url\":\"https:\\\/\\\/konstantin.filtschew.de\\\/blog\\\/author\\\/konstantin-filtschew\\\/\"}]}<\/script>\n<!-- \/ Yoast SEO plugin. -->","yoast_head_json":{"title":"Das passende Bild f\u00fcr Business und soziale Netzwerke - Konstantin Filtschew","robots":{"index":"index","follow":"follow","max-snippet":"max-snippet:-1","max-image-preview":"max-image-preview:large","max-video-preview":"max-video-preview:-1"},"canonical":"https:\/\/konstantin.filtschew.de\/blog\/2023\/01\/17\/das-passende-bild-fuer-business-und-soziale-netzwerke\/","og_locale":"de_DE","og_type":"article","og_title":"Das passende Bild f\u00fcr Business und soziale Netzwerke - Konstantin Filtschew","og_description":"Ihr kennt bestimmt das Problem &#8211; das Bild im Sozial Media Netzwerk ist schwer veraltet oder gef\u00e4llt euch bzw. euren Nutzern nicht mehr. Mich haben sogar Leute auf meine Bilder angesprochen und gebeten, Sie zu bitte zu ersetzen. Jetzt kommen aber Fragen, welche bestimmt jeder kennt: Einige dieser Fragen sind schnell beantwortet (kein Bild von [&hellip;]","og_url":"https:\/\/konstantin.filtschew.de\/blog\/2023\/01\/17\/das-passende-bild-fuer-business-und-soziale-netzwerke\/","og_site_name":"Konstantin Filtschew","article_published_time":"2023-01-17T10:02:56+00:00","author":"Konstantin Filtschew","twitter_card":"summary_large_image","twitter_creator":"@fa11enangel","twitter_site":"@fa11enangel","twitter_misc":{"Verfasst von":"Konstantin Filtschew","Gesch\u00e4tzte Lesezeit":"3\u00a0Minuten"},"schema":{"@context":"https:\/\/schema.org","@graph":[{"@type":"Article","@id":"https:\/\/konstantin.filtschew.de\/blog\/2023\/01\/17\/das-passende-bild-fuer-business-und-soziale-netzwerke\/#article","isPartOf":{"@id":"https:\/\/konstantin.filtschew.de\/blog\/2023\/01\/17\/das-passende-bild-fuer-business-und-soziale-netzwerke\/"},"author":{"name":"Konstantin Filtschew","@id":"https:\/\/konstantin.filtschew.de\/blog\/#\/schema\/person\/de09aadf27dd3b71cb0030f6f2214b1e"},"headline":"Das passende Bild f\u00fcr Business und soziale Netzwerke","datePublished":"2023-01-17T10:02:56+00:00","mainEntityOfPage":{"@id":"https:\/\/konstantin.filtschew.de\/blog\/2023\/01\/17\/das-passende-bild-fuer-business-und-soziale-netzwerke\/"},"wordCount":565,"commentCount":0,"publisher":{"@id":"https:\/\/konstantin.filtschew.de\/blog\/#\/schema\/person\/de09aadf27dd3b71cb0030f6f2214b1e"},"keywords":["ai","artifical intelligence","bilder","ki","k\u00fcnstliche intelligenz"],"articleSection":["Allgemeines"],"inLanguage":"de","potentialAction":[{"@type":"CommentAction","name":"Comment","target":["https:\/\/konstantin.filtschew.de\/blog\/2023\/01\/17\/das-passende-bild-fuer-business-und-soziale-netzwerke\/#respond"]}]},{"@type":"WebPage","@id":"https:\/\/konstantin.filtschew.de\/blog\/2023\/01\/17\/das-passende-bild-fuer-business-und-soziale-netzwerke\/","url":"https:\/\/konstantin.filtschew.de\/blog\/2023\/01\/17\/das-passende-bild-fuer-business-und-soziale-netzwerke\/","name":"Das passende Bild f\u00fcr Business und soziale Netzwerke - Konstantin Filtschew","isPartOf":{"@id":"https:\/\/konstantin.filtschew.de\/blog\/#website"},"datePublished":"2023-01-17T10:02:56+00:00","breadcrumb":{"@id":"https:\/\/konstantin.filtschew.de\/blog\/2023\/01\/17\/das-passende-bild-fuer-business-und-soziale-netzwerke\/#breadcrumb"},"inLanguage":"de","potentialAction":[{"@type":"ReadAction","target":["https:\/\/konstantin.filtschew.de\/blog\/2023\/01\/17\/das-passende-bild-fuer-business-und-soziale-netzwerke\/"]}]},{"@type":"BreadcrumbList","@id":"https:\/\/konstantin.filtschew.de\/blog\/2023\/01\/17\/das-passende-bild-fuer-business-und-soziale-netzwerke\/#breadcrumb","itemListElement":[{"@type":"ListItem","position":1,"name":"Startseite","item":"https:\/\/konstantin.filtschew.de\/blog\/"},{"@type":"ListItem","position":2,"name":"Das passende Bild f\u00fcr Business und soziale Netzwerke"}]},{"@type":"WebSite","@id":"https:\/\/konstantin.filtschew.de\/blog\/#website","url":"https:\/\/konstantin.filtschew.de\/blog\/","name":"Konstantin Filtschew","description":"Der t\u00e4gliche IT-Wahnsinn","publisher":{"@id":"https:\/\/konstantin.filtschew.de\/blog\/#\/schema\/person\/de09aadf27dd3b71cb0030f6f2214b1e"},"potentialAction":[{"@type":"SearchAction","target":{"@type":"EntryPoint","urlTemplate":"https:\/\/konstantin.filtschew.de\/blog\/?s={search_term_string}"},"query-input":{"@type":"PropertyValueSpecification","valueRequired":true,"valueName":"search_term_string"}}],"inLanguage":"de"},{"@type":["Person","Organization"],"@id":"https:\/\/konstantin.filtschew.de\/blog\/#\/schema\/person\/de09aadf27dd3b71cb0030f6f2214b1e","name":"Konstantin Filtschew","image":{"@type":"ImageObject","inLanguage":"de","@id":"https:\/\/konstantin.filtschew.de\/blog\/wp-content\/uploads\/2025\/10\/KFLogo1.png","url":"https:\/\/konstantin.filtschew.de\/blog\/wp-content\/uploads\/2025\/10\/KFLogo1.png","contentUrl":"https:\/\/konstantin.filtschew.de\/blog\/wp-content\/uploads\/2025\/10\/KFLogo1.png","width":222,"height":193,"caption":"Konstantin Filtschew"},"logo":{"@id":"https:\/\/konstantin.filtschew.de\/blog\/wp-content\/uploads\/2025\/10\/KFLogo1.png"},"description":"Building an operation system without source code, is like buying a self assemble space shuttle without instructions. (Author unknown)","sameAs":["https:\/\/konstantin.filtschew.de","https:\/\/www.linkedin.com\/in\/konstantin-filtschew-b7138019\/","https:\/\/x.com\/fa11enangel"],"url":"https:\/\/konstantin.filtschew.de\/blog\/author\/konstantin-filtschew\/"}]}},"_links":{"self":[{"href":"https:\/\/konstantin.filtschew.de\/blog\/wp-json\/wp\/v2\/posts\/714","targetHints":{"allow":["GET"]}}],"collection":[{"href":"https:\/\/konstantin.filtschew.de\/blog\/wp-json\/wp\/v2\/posts"}],"about":[{"href":"https:\/\/konstantin.filtschew.de\/blog\/wp-json\/wp\/v2\/types\/post"}],"author":[{"embeddable":true,"href":"https:\/\/konstantin.filtschew.de\/blog\/wp-json\/wp\/v2\/users\/1"}],"replies":[{"embeddable":true,"href":"https:\/\/konstantin.filtschew.de\/blog\/wp-json\/wp\/v2\/comments?post=714"}],"version-history":[{"count":2,"href":"https:\/\/konstantin.filtschew.de\/blog\/wp-json\/wp\/v2\/posts\/714\/revisions"}],"predecessor-version":[{"id":716,"href":"https:\/\/konstantin.filtschew.de\/blog\/wp-json\/wp\/v2\/posts\/714\/revisions\/716"}],"wp:attachment":[{"href":"https:\/\/konstantin.filtschew.de\/blog\/wp-json\/wp\/v2\/media?parent=714"}],"wp:term":[{"taxonomy":"category","embeddable":true,"href":"https:\/\/konstantin.filtschew.de\/blog\/wp-json\/wp\/v2\/categories?post=714"},{"taxonomy":"post_tag","embeddable":true,"href":"https:\/\/konstantin.filtschew.de\/blog\/wp-json\/wp\/v2\/tags?post=714"}],"curies":[{"name":"wp","href":"https:\/\/api.w.org\/{rel}","templated":true}]}}